[{"@context":"https:\/\/schema.org\/","@type":"Article","@id":"https:\/\/www.dempsey.cz\/zmena-je-zivot\/#Article","mainEntityOfPage":"https:\/\/www.dempsey.cz\/zmena-je-zivot\/","headline":"Zm\u011bna je \u017eivot","name":"Zm\u011bna je \u017eivot","description":"N\u011bkdy &#8211; minim\u00e1ln\u011b jedenkr\u00e1t za \u017eivot &#8211; se \u010dlov\u011bk rozhodne, \u017ee by bylo dobr\u00e9 u\u010dinit radik\u00e1ln\u00ed zm\u011bnu, co se t\u00fdk\u00e1 jeho bydlen\u00ed. Nemysl\u00edm t\u00edm, p\u0159est\u011bhovat se, ale \u201cvyh\u00e1zet\u201d v\u0161echny \u201dkr\u00e1my\u201d i solidn\u00ed v\u011bci a vym\u011bnit je za nov\u00e9, neokoukan\u00e9, neopot\u0159ebovan\u00e9 &#8211; zkr\u00e1tka vz\u00edt to z gruntu a za\u010d\u00edt znovu. N\u011bkte\u0159\u00ed lid\u00e9 podnikaj\u00ed tyto v\u011bci dokonce v\u00edcekr\u00e1t za \u017eivot. Prost\u011b se <a class=\"read-more\" href=\"https:\/\/www.dempsey.cz\/zmena-je-zivot\/\">Read More<\/a>","datePublished":"2023-03-22","dateModified":"2023-03-22","author":{"@type":"Person","@id":"https:\/\/www.dempsey.cz\/author\/#Person","name":"","url":"https:\/\/www.dempsey.cz\/author\/","identifier":1,"image":{"@type":"ImageObject","@id":"https:\/\/secure.gravatar.com\/avatar\/cc56039f878f8e8e6c7e1eb22b366a601f7187d0f8d182368eef8adef545f35b?s=96&d=mm&r=g","url":"https:\/\/secure.gravatar.com\/avatar\/cc56039f878f8e8e6c7e1eb22b366a601f7187d0f8d182368eef8adef545f35b?s=96&d=mm&r=g","height":96,"width":96}},"publisher":{"@type":"Organization","name":"dempsey.cz","logo":{"@type":"ImageObject","@id":"\/logo.png","url":"\/logo.png","width":600,"height":60}},"url":"https:\/\/www.dempsey.cz\/zmena-je-zivot\/","wordCount":246,"articleBody":"N\u011bkdy &#8211; minim\u00e1ln\u011b jedenkr\u00e1t za \u017eivot &#8211; se \u010dlov\u011bk rozhodne, \u017ee by bylo dobr\u00e9 u\u010dinit radik\u00e1ln\u00ed zm\u011bnu, co se t\u00fdk\u00e1 jeho bydlen\u00ed. Nemysl\u00edm t\u00edm, p\u0159est\u011bhovat se, ale \u201cvyh\u00e1zet\u201d v\u0161echny \u201dkr\u00e1my\u201d i solidn\u00ed v\u011bci a vym\u011bnit je za nov\u00e9, neokoukan\u00e9, neopot\u0159ebovan\u00e9 &#8211; zkr\u00e1tka vz\u00edt to z gruntu a za\u010d\u00edt znovu. N\u011bkte\u0159\u00ed lid\u00e9 podnikaj\u00ed tyto v\u011bci dokonce v\u00edcekr\u00e1t za \u017eivot. Prost\u011b se nest\u011bhuj\u00ed, ale odst\u011bhuj\u00ed takzvan\u011b \u201cdo pry\u010d\u201c svoje v\u011bci, po\u0159\u00edd\u00ed si nov\u00e9 a maj\u00ed pocit, jako by se ji\u017e n\u011bkolikr\u00e1t v \u017eivot\u011b st\u011bhovali. Pokud se k takov\u00e9mu kroku rozhodnete i vy, kontaktujte n\u00e1s.\tNed\u0159ete se samiJe naprosto zbyte\u010dn\u00e9, abyste se d\u0159eli s vyn\u00e1\u0161en\u00edm postel\u00ed, ro\u0161t\u016f a matrac\u00ed. Abyste sn\u00e1\u0161eli ze \u010dtvrt\u00e9ho patra sedac\u00ed soupravu, t\u011b\u017ekou jako \u201esprost\u00e9 slovo\u201c, a pak m\u011bli nep\u0159\u00edjemnosti s t\u00edm, \u017ee ji um\u00edst\u00edte ke kontejner\u016fm \u010di k popelnic\u00edm, kam zkr\u00e1tka nepat\u0159\u00ed, a pak je\u0161t\u011b s t\u00edm, \u017ee si budete muset vz\u00edt pracovn\u00ed neschopnost, abyste dali do po\u0159\u00e1dku sv\u00e1 z\u00e1da. Mnohem jednodu\u0161\u0161\u00ed bude pozvat si \u0161ikovn\u00e9 hochy z na\u0161\u00ed firmy a vykl\u00edzen\u00ed sv\u011b\u0159it do jejich rukou. Maj\u00ed s\u00edly na rozd\u00e1v\u00e1n\u00ed a pr\u00e1ce je bav\u00ed. Tak\u017ee te\u010f u\u017e nezb\u00fdv\u00e1, ne\u017e zavolat!                                                                                                                                                                                                                                                                                                                                                                                        3.8\/5 - (5 votes)        "},{"@context":"https:\/\/schema.org\/","@type":"BreadcrumbList","itemListElement":[{"@type":"ListItem","position":1,"name":"Zm\u011bna je \u017eivot","item":"https:\/\/www.dempsey.cz\/zmena-je-zivot\/#breadcrumbitem"}]}]