[{"@context":"https:\/\/schema.org\/","@type":"Article","@id":"https:\/\/www.dempsey.cz\/seriky-na-nasi-zahrade\/#Article","mainEntityOfPage":"https:\/\/www.dempsey.cz\/seriky-na-nasi-zahrade\/","headline":"\u0160e\u0159\u00edky na na\u0161\u00ed zahrad\u011b","name":"\u0160e\u0159\u00edky na na\u0161\u00ed zahrad\u011b","description":"\u201eKoho by nel\u00e1kalo, utrhnou si p\u00e1r v\u011btvi\u010dek a vz\u00edt si je dom\u016f do v\u00e1zy. V\u0161ak ony zase dorostou\u201c.To si mysl\u00edme, ale nen\u00ed to pravda. Takov\u00fd jedn\u00e1n\u00edm ke\u0159 \u0161e\u0159\u00edku po\u0161kod\u00edme a omez\u00edme tvorbu kv\u011bt\u016f na p\u0159\u00ed\u0161t\u00ed rok. Jestli si chceme don\u00e9st kyti\u010dku \u0161e\u0159\u00edk\u016f dom\u016f a chceme, aby n\u00e1m dlouho vydr\u017eela, vezmeme si ostr\u00e9 n\u016f\u017eky, abychom minimalizovali poran\u011bn\u00ed rostliny. Nikdy nest\u0159\u00edh\u00e1me z <a class=\"read-more\" href=\"https:\/\/www.dempsey.cz\/seriky-na-nasi-zahrade\/\">Read More<\/a>","datePublished":"2020-09-01","dateModified":"2020-09-01","author":{"@type":"Person","@id":"https:\/\/www.dempsey.cz\/author\/#Person","name":"","url":"https:\/\/www.dempsey.cz\/author\/","identifier":1,"image":{"@type":"ImageObject","@id":"https:\/\/secure.gravatar.com\/avatar\/cc56039f878f8e8e6c7e1eb22b366a601f7187d0f8d182368eef8adef545f35b?s=96&d=mm&r=g","url":"https:\/\/secure.gravatar.com\/avatar\/cc56039f878f8e8e6c7e1eb22b366a601f7187d0f8d182368eef8adef545f35b?s=96&d=mm&r=g","height":96,"width":96}},"publisher":{"@type":"Organization","name":"dempsey.cz","logo":{"@type":"ImageObject","@id":"\/logo.png","url":"\/logo.png","width":600,"height":60}},"image":{"@type":"ImageObject","@id":"https:\/\/www.dempsey.cz\/wp-content\/uploads\/img_a293305_w2327_t1505632021.jpg","url":"https:\/\/www.dempsey.cz\/wp-content\/uploads\/img_a293305_w2327_t1505632021.jpg","height":0,"width":0},"url":"https:\/\/www.dempsey.cz\/seriky-na-nasi-zahrade\/","wordCount":445,"articleBody":"\u201eKoho by nel\u00e1kalo, utrhnou si p\u00e1r v\u011btvi\u010dek a vz\u00edt si je dom\u016f do v\u00e1zy. V\u0161ak ony zase dorostou\u201c.To si mysl\u00edme, ale nen\u00ed to pravda. Takov\u00fd jedn\u00e1n\u00edm ke\u0159 \u0161e\u0159\u00edku po\u0161kod\u00edme a omez\u00edme tvorbu kv\u011bt\u016f na p\u0159\u00ed\u0161t\u00ed rok. Jestli si chceme don\u00e9st kyti\u010dku \u0161e\u0159\u00edk\u016f dom\u016f a chceme, aby n\u00e1m dlouho vydr\u017eela, vezmeme si ostr\u00e9 n\u016f\u017eky, abychom minimalizovali poran\u011bn\u00ed rostliny. Nikdy nest\u0159\u00edh\u00e1me z jednoho m\u00edsta, ale rovnom\u011brn\u011b z cel\u00e9ho ke\u0159e. Tak\u00e9 po odkv\u011btu bychom m\u011bli st\u0159\u00edhat. Odkvetl\u00e1 kv\u011btenstv\u00ed bychom m\u011bli odstranit d\u0159\u00edve, ne\u017e se na nich za\u010dnou tvo\u0159it semena. Pokud to ud\u011bl\u00e1me pozd\u011bji, tak nov\u00e9 v\u011btvi\u010dky vyr\u016fstaj\u00edc\u00ed z odkvetl\u00e9ho v\u00fdhonu n\u00e1m v p\u0159\u00ed\u0161t\u00edm roce nevykvetou.  V prv\u00e9 \u0159ad\u011b bychom si m\u011bli rozmyslet, jakou formou budeme \u0161e\u0159\u00edky p\u011bstovat. Ka\u017ed\u00fd z t\u011bchto zp\u016fsob\u016f m\u00e1 svoje v\u00fdhody i nev\u00fdhody. \u00b7 M\u016f\u017eeme je p\u011bstovat jako klasick\u00fd ke\u0159 \u00b7 M\u016f\u017eeme je tvarovat do stromov\u00fdch forem \u00b7 M\u016f\u017eeme je p\u011bstovat jako p\u0159enosn\u00e9 rostliny v n\u00e1dob\u00e1ch Je v\u00fdhodn\u011bj\u0161\u00ed s\u00e1zet ji\u017e vzrostl\u00e9 rostliny s bohat\u00fdm ko\u0159enov\u00fdm balem v kontejneru. Pro v\u00fdsadbu \u0161e\u0159\u00edk\u016f je nejvhodn\u011bj\u0161\u00ed doba od konce \u010dervna do konce z\u00e1\u0159\u00ed. Jsou n\u00e1ro\u010dn\u00e9 na dostate\u010dnou a pravidelnou z\u00e1livku. Nedok\u00e1\u017eou si udr\u017eet vodu, tak rychle vadnou. Na nedostatek vl\u00e1hy jsou nejchoulostiv\u011bj\u0161\u00ed v prvn\u00edch dvou letech od v\u00fdsadby. Z\u00e1rove\u0148 tak\u00e9 pot\u0159ebuj\u00ed propustnou v\u00fd\u017eivnou p\u016fdu, proto\u017ee nesn\u00e1\u0161\u00ed p\u0159emok\u0159en\u00ed.  U voln\u011b rostouc\u00edch ke\u0159\u016f nemus\u00edme st\u0159\u00edh\u00e1n\u00ed v\u011bnovat tolik \u010dasu, sta\u010d\u00ed jen odstranit odkvetl\u00e1 kv\u011btenstv\u00ed a odum\u0159el\u00e9 v\u00fdhony. Tyto ke\u0159e se dob\u0159e rozr\u016fstaj\u00ed a zaberou n\u00e1m v zahrad\u011b dost prostoru. Nem\u00edvaj\u00ed pravideln\u00fd tvar, proto je od prvn\u00edho roku pravideln\u011b pro\u0159ez\u00e1v\u00e1me, aby nebyly p\u0159\u00edli\u0161 hust\u00e9, a zast\u0159\u00edh\u00e1v\u00e1me nov\u00e9 v\u00fdhony, aby se rozv\u011btvovaly a bohat\u011b kvetly. Stromkov\u00e9 formy \u0161e\u0159\u00edk\u016fjsou n\u00e1ro\u010dn\u011bj\u0161\u00ed na p\u00e9\u010di, jeliko\u017e vyh\u00e1n\u011bj\u00ed spoustu plan\u00fdch odno\u017e\u00ed na kmenu a od ko\u0159en\u016f, proto je mus\u00edme \u010dast\u011bji vyst\u0159\u00edh\u00e1vat. Jsou vzhledov\u011b atraktivn\u011bj\u0161\u00ed ne\u017e ke\u0159e. P\u011bstov\u00e1n\u00ed v n\u00e1dob\u00e1chna terase \u010di balkonu je tak\u00e9 mo\u017en\u00e9, a pokud m\u00e1me zasklen\u00fd balkon, \u0161e\u0159\u00edky n\u00e1m mohou nakv\u00e9tat ji\u017e ke konci zimy.                                                                                                                                                                                                                                                                                                                                                                                         4.1\/5 - (7 votes)        "},{"@context":"https:\/\/schema.org\/","@type":"BreadcrumbList","itemListElement":[{"@type":"ListItem","position":1,"name":"\u0160e\u0159\u00edky na na\u0161\u00ed zahrad\u011b","item":"https:\/\/www.dempsey.cz\/seriky-na-nasi-zahrade\/#breadcrumbitem"}]}]