[{"@context":"https:\/\/schema.org\/","@type":"Article","@id":"https:\/\/www.dempsey.cz\/s-novym-retezem-k-vetsimu-vykonu\/#Article","mainEntityOfPage":"https:\/\/www.dempsey.cz\/s-novym-retezem-k-vetsimu-vykonu\/","headline":"S nov\u00fdm \u0159et\u011bzem k v\u011bt\u0161\u00edmu v\u00fdkonu","name":"S nov\u00fdm \u0159et\u011bzem k v\u011bt\u0161\u00edmu v\u00fdkonu","description":"Uvid\u00edte jej u tak\u0159ka ka\u017ed\u00e9ho motocyklu. \u0158e\u010d je o \u0159et\u011bzu, kter\u00fd je velmi d\u016fle\u017eit\u00fdm prvkem, a\u0165 u\u017e p\u016fjde o sportovn\u00ed, cestovn\u00ed nebo t\u0159eba v\u00fdstavn\u00ed motocykl. Pokud byste p\u0159ece jenom nev\u011bd\u011bli, k \u010demu je tento prvek d\u016fle\u017eit\u00fd, pak se pod\u00edvejte na to, jak\u00fdm zp\u016fsobem se p\u0159en\u00e1\u0161\u00ed v\u00fdkon z motoru na zadn\u00ed kolo. Ano, pr\u00e1v\u011b k t\u011bmto \u00fa\u010del\u016fm je nutn\u00e9 zajistit, \u017ee <a class=\"read-more\" href=\"https:\/\/www.dempsey.cz\/s-novym-retezem-k-vetsimu-vykonu\/\">Read More<\/a>","datePublished":"2018-07-13","dateModified":"2018-07-13","author":{"@type":"Person","@id":"https:\/\/www.dempsey.cz\/author\/#Person","name":"","url":"https:\/\/www.dempsey.cz\/author\/","identifier":1,"image":{"@type":"ImageObject","@id":"https:\/\/secure.gravatar.com\/avatar\/cc56039f878f8e8e6c7e1eb22b366a601f7187d0f8d182368eef8adef545f35b?s=96&d=mm&r=g","url":"https:\/\/secure.gravatar.com\/avatar\/cc56039f878f8e8e6c7e1eb22b366a601f7187d0f8d182368eef8adef545f35b?s=96&d=mm&r=g","height":96,"width":96}},"publisher":{"@type":"Organization","name":"dempsey.cz","logo":{"@type":"ImageObject","@id":"\/logo.png","url":"\/logo.png","width":600,"height":60}},"image":{"@type":"ImageObject","@id":"https:\/\/www.dempsey.cz\/wp-content\/uploads\/img_a324870_w2425_t1536835387.jpg","url":"https:\/\/www.dempsey.cz\/wp-content\/uploads\/img_a324870_w2425_t1536835387.jpg","height":0,"width":0},"url":"https:\/\/www.dempsey.cz\/s-novym-retezem-k-vetsimu-vykonu\/","about":["\u017divotn\u00ed styl"],"wordCount":417,"articleBody":" Uvid\u00edte jej u tak\u0159ka ka\u017ed\u00e9ho motocyklu. \u0158e\u010d je o \u0159et\u011bzu, kter\u00fd je velmi d\u016fle\u017eit\u00fdm prvkem, a\u0165 u\u017e p\u016fjde o sportovn\u00ed, cestovn\u00ed nebo t\u0159eba v\u00fdstavn\u00ed motocykl. Pokud byste p\u0159ece jenom nev\u011bd\u011bli, k \u010demu je tento prvek d\u016fle\u017eit\u00fd, pak se pod\u00edvejte na to, jak\u00fdm zp\u016fsobem se p\u0159en\u00e1\u0161\u00ed v\u00fdkon z motoru na zadn\u00ed kolo. Ano, pr\u00e1v\u011b k t\u011bmto \u00fa\u010del\u016fm je nutn\u00e9 zajistit, \u017ee tento prost\u0159edek bude v\u017edy v t\u00e9 nejlep\u0161\u00ed kondici. Jak v\u0161ak poznat, \u017ee pr\u00e1v\u011b v\u00e1\u0161 motocykl je v po t\u00e9to str\u00e1nce v po\u0159\u00e1dku? Pod\u00edvejte se na to, jak poznat, zda je \u0159et\u011bz 520 ji\u017e opot\u0159ebovan\u00fd nebo nikoliv: Z\u00e1kladem bude zkontrolovat nata\u017een\u00ed, kter\u00e9 se m\u011b\u0159\u00ed nejenom pomoc\u00ed m\u011brek na samotn\u00fdch motocyklech, ale tak\u00e9 prost\u0159ednictv\u00edm speci\u00e1ln\u00edch m\u011b\u0159idel Dal\u0161\u00edm znakem toho, \u017ee je \u010das na v\u00fdm\u011bnu, bude po\u0161kozen\u00e1 nebo dokonce chyb\u011bj\u00edc\u00ed t\u011bsn\u011bn\u00ed, kter\u00e1 se nach\u00e1z\u00ed u ka\u017ed\u00e9ho \u010dl\u00e1nku Jedn\u00edm z opom\u00edjen\u00fdch znak\u016f je i v\u016fle v \u010depech a v\u00e1le\u010dc\u00edch, kterou je mo\u017en\u00e9 poznat p\u0159i zata\u017een\u00ed \u010dl\u00e1nku na zadn\u00ed rozet\u011b Myslete na to, \u017ee v\u00fdm\u011bna by m\u011bla zahrnovat nejenom p\u0159edn\u00ed pastorek, ale tak\u00e9 zadn\u00ed rozetu  Jist\u011b si nyn\u00ed \u0159\u00edk\u00e1te, \u017ee to bude zase pen\u011bz, ale opak je pravdou. N\u011bkdy toti\u017e nen\u00ed t\u0159eba vym\u011b\u0148ovat v\u0161echno, a to zejm\u00e9na v p\u0159\u00edpad\u011b, kdy je rozeta a pastorek v po\u0159\u00e1dku. To zjist\u00edte tak, \u017ee se pod\u00edv\u00e1te na samotn\u00e9 ozuben\u00ed. Pokud bude soum\u011brn\u00e9, pak je v\u0161e v po\u0159\u00e1dku. Pokud v\u0161ak ale uvid\u00edte, by\u0165 jedin\u00fd zub, kter\u00fd bude m\u00edt tvar \u017eralo\u010d\u00ed ploutve, pak byste m\u011bli ihned p\u0159em\u00fd\u0161let nad v\u00fdm\u011bnou. Vyb\u00edrejte s p\u00e9\u010d\u00ed a jistotou Kdy\u017e si nejste jisti, jak\u00fd produkt pro sv\u016fj motocykl vybrat, pak va\u0161e kroky budou sm\u011b\u0159ovat k odborn\u00edk\u016fm. Pr\u00e1v\u011b ti v\u00e1m zajist\u00ed, \u017ee pro sv\u016fj stroj vyberete n\u011bco opravdu kvalitn\u00edho a nikoliv produkt, kter\u00fd by va\u0161emu stroji vydr\u017eel jen velmi kr\u00e1tce. Proto nahl\u00e9dn\u011bte do kvalitn\u00edho sortimentu motocyklov\u00fdch \u0159et\u011bz\u016f, kde pro sv\u016fj jednostop\u00fd stroj najdete p\u0159esn\u011b to, co bude vy\u017eadovat.                                                                                                                                                                                                                                                                                                                                                                                         4.2\/5 - (11 votes)        "},{"@context":"https:\/\/schema.org\/","@type":"BreadcrumbList","itemListElement":[{"@type":"ListItem","position":1,"name":"S nov\u00fdm \u0159et\u011bzem k v\u011bt\u0161\u00edmu v\u00fdkonu","item":"https:\/\/www.dempsey.cz\/s-novym-retezem-k-vetsimu-vykonu\/#breadcrumbitem"}]}]