[{"@context":"https:\/\/schema.org\/","@type":"Article","@id":"https:\/\/www.dempsey.cz\/prestehujte-se-v-kvetnu\/#Article","mainEntityOfPage":"https:\/\/www.dempsey.cz\/prestehujte-se-v-kvetnu\/","headline":"P\u0159est\u011bhujte se v kv\u011btnu","name":"P\u0159est\u011bhujte se v kv\u011btnu","description":"St\u011bhov\u00e1n\u00ed byt\u016f v Praze je natolik n\u00e1ro\u010dn\u00fd proces, \u017ee bychom m\u011bli m\u00edt mo\u017enost ovlivnit alespo\u0148 jeho term\u00edn. Jestli\u017ee si zvol\u00edte vhodnou st\u011bhovac\u00ed firmu, ta v\u00e1m bude prosp\u011b\u0161n\u00e1 po cel\u00fd rok, ale pokud si nav\u00edc m\u016f\u017eete vybrat term\u00edn, a nemus\u00edte se mu p\u0159izp\u016fsobovat, nap\u0159\u00edklad u v\u00fdpov\u011bdi n\u00e1jemn\u00ed smlouvy, vsa\u010fte na kv\u011bten. Pro\u010d pr\u00e1v\u011b kv\u011bten? V\u0161echno kvete a von\u00ed \u2013 u\u017e samotn\u00fd <a class=\"read-more\" href=\"https:\/\/www.dempsey.cz\/prestehujte-se-v-kvetnu\/\">Read More<\/a>","datePublished":"2023-12-15","dateModified":"2023-12-15","author":{"@type":"Person","@id":"https:\/\/www.dempsey.cz\/author\/#Person","name":"","url":"https:\/\/www.dempsey.cz\/author\/","identifier":1,"image":{"@type":"ImageObject","@id":"https:\/\/secure.gravatar.com\/avatar\/cc56039f878f8e8e6c7e1eb22b366a601f7187d0f8d182368eef8adef545f35b?s=96&d=mm&r=g","url":"https:\/\/secure.gravatar.com\/avatar\/cc56039f878f8e8e6c7e1eb22b366a601f7187d0f8d182368eef8adef545f35b?s=96&d=mm&r=g","height":96,"width":96}},"publisher":{"@type":"Organization","name":"dempsey.cz","logo":{"@type":"ImageObject","@id":"\/logo.png","url":"\/logo.png","width":600,"height":60}},"image":{"@type":"ImageObject","@id":"https:\/\/www.dempsey.cz\/wp-content\/uploads\/da-guojing-6888603_640_4.jpg","url":"https:\/\/www.dempsey.cz\/wp-content\/uploads\/da-guojing-6888603_640_4.jpg","height":0,"width":0},"url":"https:\/\/www.dempsey.cz\/prestehujte-se-v-kvetnu\/","about":["Slu\u017eby"],"wordCount":445,"articleBody":"   St\u011bhov\u00e1n\u00ed byt\u016f v Praze je natolik n\u00e1ro\u010dn\u00fd proces, \u017ee bychom m\u011bli m\u00edt mo\u017enost ovlivnit alespo\u0148 jeho term\u00edn. Jestli\u017ee si zvol\u00edte vhodnou st\u011bhovac\u00ed firmu, ta v\u00e1m bude prosp\u011b\u0161n\u00e1 po cel\u00fd rok, ale pokud si nav\u00edc m\u016f\u017eete vybrat term\u00edn, a nemus\u00edte se mu p\u0159izp\u016fsobovat, nap\u0159\u00edklad u v\u00fdpov\u011bdi n\u00e1jemn\u00ed smlouvy, vsa\u010fte na kv\u011bten. Pro\u010d pr\u00e1v\u011b kv\u011bten?V\u0161echno kvete a von\u00ed \u2013 u\u017e samotn\u00fd n\u00e1zev m\u011bs\u00edce napov\u00edd\u00e1, \u017ee p\u016fjde o obdob\u00ed pln\u00e9 radosti, \u0161t\u011bst\u00ed a l\u00e1sky. P\u0159\u00edroda se v kv\u011btnu nejv\u00edce probouz\u00ed do sv\u00e9ho rozkv\u011btu a v\u0161ude je spousta kv\u011bt\u016f, barev a p\u0159\u00edrodn\u00edch v\u016fn\u00ed. St\u011bhov\u00e1n\u00ed v\u00e1s bude i v\u00edce bavit, bude v\u00e1s to i l\u00e1kat vyj\u00edt \u010dast\u011bji ven a prozkoumat nov\u00e9 m\u00edsto, kam se st\u011bhujete.Vrac\u00ed se jaro \u2013 zima se n\u011bkdy dok\u00e1\u017ee hl\u00e1sit o slovo a\u017e do p\u016flky dubna, a ne\u017e se jaro kone\u010dn\u011b ujme nadvl\u00e1dy nad severn\u00ed polokoul\u00ed, je\u0161t\u011b chv\u00edli to potrv\u00e1. Ale v kv\u011btnu u\u017e nen\u00ed pochyb, \u017ee se zas zazelen\u00e1 tr\u00e1va, a obraz\u00ed na stromech listy. P\u0159i st\u011bhov\u00e1n\u00ed v kv\u011btnu doporu\u010dujeme \u010dast\u011bji v\u011btrat a m\u00edt p\u0159i pr\u00e1ci otev\u0159en\u00e9 okno, sv\u011b\u017e\u00ed jarn\u00ed vzduch je ten nejlep\u0161\u00ed l\u00e9ka\u0159 proti nachlazen\u00ed a tak\u00e9 proti projev\u016fm stresu.Je p\u0159\u00edjemn\u00e9 teplo \u2013 jestli\u017ee chcete m\u00edt v pr\u016fb\u011bhu p\u0159\u00edpravn\u00fdch prac\u00ed p\u0159ed st\u011bhov\u00e1n\u00ed maxim\u00e1ln\u00ed pohodu, dop\u0159ejte si pokojovou teplotu v rozmez\u00ed mezi 19 a 23 stupni Celsia. Vy\u0161\u0161\u00ed teploty ji\u017e znamenaj\u00ed i vy\u0161\u0161\u00ed z\u00e1t\u011b\u017e organismu a ni\u017e\u0161\u00ed pochopiteln\u011b tak\u00e9. A pr\u00e1v\u011b v kv\u011btnu takov\u00e9 teploty venku jsou, co\u017e v\u00e1m bude prosp\u011b\u0161n\u00e9 i p\u0159i p\u0159en\u00e1\u0161en\u00ed p\u0159edm\u011bt\u016f ve venkovn\u00edm prost\u0159ed\u00ed.Rychlej\u0161\u00ed regenerace \u2013 v kv\u011btnu se organismus nejl\u00e9pe regeneruje p\u0159i jak\u00e9koli z\u00e1t\u011b\u017ei, a ta p\u0159i st\u011bhov\u00e1n\u00ed b\u00fdv\u00e1 zna\u010dn\u00e1, i kdy\u017e v\u00e1m st\u011bhovac\u00ed firma p\u0159est\u011bhuje ve\u0161ker\u00fd n\u00e1bytek, spot\u0159ebi\u010de i v\u011bci v krabic\u00edch. Bude se v\u00e1m l\u00e9pe sp\u00e1t, budete m\u00edt v\u011bt\u0161\u00ed po\u017eitek z j\u00eddla a klidn\u011b si p\u0159i balen\u00ed v\u011bc\u00ed objednejte pizzu s dovozem a\u017e dom\u016f. Zaslou\u017e\u00edte si to. Pizza nebo t\u011bstoviny p\u0159ijdou vhod a nebudete se muset zdr\u017eovat p\u0159\u00edpravou tepl\u00e9ho pokrmu.                                                                                                                                                                                                                                                                                                                                                                                          4\/5 - (3 votes)        "},{"@context":"https:\/\/schema.org\/","@type":"BreadcrumbList","itemListElement":[{"@type":"ListItem","position":1,"name":"P\u0159est\u011bhujte se v kv\u011btnu","item":"https:\/\/www.dempsey.cz\/prestehujte-se-v-kvetnu\/#breadcrumbitem"}]}]