[{"@context":"https:\/\/schema.org\/","@type":"Article","@id":"https:\/\/www.dempsey.cz\/prakticka-kabelka-ktera-se-hodi-ke-vsemu\/#Article","mainEntityOfPage":"https:\/\/www.dempsey.cz\/prakticka-kabelka-ktera-se-hodi-ke-vsemu\/","headline":"Praktick\u00e1 kabelka, kter\u00e1 se hod\u00ed ke v\u0161emu","name":"Praktick\u00e1 kabelka, kter\u00e1 se hod\u00ed ke v\u0161emu","description":"Bez jak\u00e9ho nezbytn\u00e9ho a praktick\u00e9ho m\u00f3dn\u00edho dopl\u0148ku se za \u017e\u00e1dnou cenu neobejdete? Bez jak\u00e9ho m\u00f3dn\u00edho dopl\u0148ku nevyraz\u00edte ven, a\u0165 u\u017e se chyst\u00e1te kamkoliv? No p\u0159ece bez kabelky. Ta je toti\u017e m\u00f3dn\u00edm dopl\u0148kem \u010d\u00edslo jedna ka\u017ed\u00e9 \u017eeny. A v\u011b\u0159te, \u017ee si rozhodn\u011b nevysta\u010d\u00edte pouze s jedn\u00edm kouskem, tak pro\u010d se pr\u00e1v\u011b te\u010f nepoohl\u00e9dnout po n\u011bjak\u00e9 nov\u00e9 a ud\u011blat si radost? Snad <a class=\"read-more\" href=\"https:\/\/www.dempsey.cz\/prakticka-kabelka-ktera-se-hodi-ke-vsemu\/\">Read More<\/a>","datePublished":"2018-03-07","dateModified":"2018-03-07","author":{"@type":"Person","@id":"https:\/\/www.dempsey.cz\/author\/#Person","name":"","url":"https:\/\/www.dempsey.cz\/author\/","identifier":1,"image":{"@type":"ImageObject","@id":"https:\/\/secure.gravatar.com\/avatar\/cc56039f878f8e8e6c7e1eb22b366a601f7187d0f8d182368eef8adef545f35b?s=96&d=mm&r=g","url":"https:\/\/secure.gravatar.com\/avatar\/cc56039f878f8e8e6c7e1eb22b366a601f7187d0f8d182368eef8adef545f35b?s=96&d=mm&r=g","height":96,"width":96}},"publisher":{"@type":"Organization","name":"dempsey.cz","logo":{"@type":"ImageObject","@id":"\/logo.png","url":"\/logo.png","width":600,"height":60}},"image":{"@type":"ImageObject","@id":"https:\/\/www.dempsey.cz\/wp-content\/uploads\/img_a314696_w2425_t1525713419.jpg","url":"https:\/\/www.dempsey.cz\/wp-content\/uploads\/img_a314696_w2425_t1525713419.jpg","height":0,"width":0},"url":"https:\/\/www.dempsey.cz\/prakticka-kabelka-ktera-se-hodi-ke-vsemu\/","about":["\u017divotn\u00ed styl"],"wordCount":407,"articleBody":"      Bez jak\u00e9ho nezbytn\u00e9ho a praktick\u00e9ho m\u00f3dn\u00edho dopl\u0148ku se za \u017e\u00e1dnou cenu neobejdete? Bez jak\u00e9ho m\u00f3dn\u00edho dopl\u0148ku nevyraz\u00edte ven, a\u0165 u\u017e se chyst\u00e1te kamkoliv? No p\u0159ece bez kabelky. Ta je toti\u017e m\u00f3dn\u00edm dopl\u0148kem \u010d\u00edslo jedna ka\u017ed\u00e9 \u017eeny. A v\u011b\u0159te, \u017ee si rozhodn\u011b nevysta\u010d\u00edte pouze s jedn\u00edm kouskem, tak pro\u010d se pr\u00e1v\u011b te\u010f nepoohl\u00e9dnout po n\u011bjak\u00e9 nov\u00e9 a ud\u011blat si radost? Snad ka\u017ed\u00e1 \u017eena miluje n\u00e1kupy, obzvl\u00e1\u0161t\u011b kdy\u017e jde o m\u00f3du, oble\u010den\u00ed a dal\u0161\u00ed dopl\u0148ky. Tak pro\u010d si pr\u00e1v\u011b te\u010f neud\u011blat radost takov\u00fdm mal\u00fdm n\u00e1kupem jednoho nebo v\u00edce m\u00f3dn\u00edch dopl\u0148k\u016f, kter\u00e9 se ve va\u0161em \u0161atn\u00edku neztrat\u00ed. Nev\u00edte, jakou zvolit barvu tohoto m\u00f3dn\u00edho dopl\u0148ku tak, aby bylo v\u0161e co nejv\u00edce slad\u011bn\u00e9 s va\u0161\u00edm oble\u010den\u00edm? Nejlep\u0161\u00edm \u0159e\u0161en\u00edm je zvolit nejprakti\u010dt\u011bj\u0161\u00ed proveden\u00ed, a sice \u010dernou kabelku. Budete tak m\u00edt jistotu, \u017ee se v\u00e1m hod\u00ed k jak\u00e9mukoliv oble\u010den\u00ed a pro r\u016fzn\u00e9 p\u0159\u00edle\u017eitosti. Budete tak \u0161ik za ka\u017ed\u00e9 situace, a\u0165 u\u017e si na sebe vezmete jak\u00fdkoliv model. A jak m\u016f\u017eete v\u00e1\u0161 nov\u00fd m\u00f3dn\u00ed dopln\u011bk nosit? Vybrat si m\u016f\u017eete no\u0161en\u00ed tohoto m\u00f3dn\u00edho dopl\u0148ku klasicky p\u0159es rameno, v ruce, na p\u0159edlokt\u00ed nebo proveden\u00ed crossbody, z\u00e1le\u017e\u00ed jen na v\u00e1s, jak\u00fd zp\u016fsob no\u0161en\u00ed preferujete. Pro r\u016fzn\u00e9 drobnosti m\u016f\u017eete vyu\u017e\u00edt men\u0161\u00ed kapsy, v\u011bci uvnit\u0159 tak budou uspo\u0159\u00e1dan\u011bj\u0161\u00ed. Spolehnout se tak\u00e9 m\u016f\u017eete na kvalitn\u00ed proveden\u00ed a designov\u00e9 zpracov\u00e1n\u00ed podle nejnov\u011bj\u0161\u00edch m\u00f3dn\u00edch trend\u016f, kter\u00e9 vel\u00ed m\u00f3dn\u00edmu pr\u016fmyslu. Po\u0159i\u010fte si n\u011bkterou z kvalitn\u00edch a modern\u00edch kabelek a roz\u0161i\u0159te si tak v\u00e1\u0161 \u0161atn\u00edk a nov\u00fd a modern\u00ed kousek. Dal\u0161\u00ed nov\u00e1 kabelka se ve va\u0161em \u0161atn\u00edku rozhodn\u011b neztrat\u00ed a najde jist\u011b svoje uplatn\u011bn\u00ed p\u0159i r\u016fzn\u00fdch p\u0159\u00edle\u017eitostech. Tento m\u00f3dn\u00ed dopln\u011bk bude t\u0159e\u0161inkou na dortu va\u0161eho kompletn\u00edho outfitu a vy tak m\u016f\u017eete sm\u011ble vyrazit do zam\u011bstn\u00e1n\u00ed, na kafe s kamar\u00e1dkou nebo za z\u00e1bavou a budete vypadat skv\u011ble za ka\u017ed\u00e9 situace.                                                                                                                                                                                                                                                                                                                                                                                           4.6\/5 - (5 votes)        "},{"@context":"https:\/\/schema.org\/","@type":"BreadcrumbList","itemListElement":[{"@type":"ListItem","position":1,"name":"Praktick\u00e1 kabelka, kter\u00e1 se hod\u00ed ke v\u0161emu","item":"https:\/\/www.dempsey.cz\/prakticka-kabelka-ktera-se-hodi-ke-vsemu\/#breadcrumbitem"}]}]