[{"@context":"https:\/\/schema.org\/","@type":"Blog","@id":"https:\/\/www.dempsey.cz#Blog","headline":"Dempsey","description":"\nNa internetu je mnoho r\u016fzn\u00fdch alternativ, kam zam\u00ed\u0159it, nen\u00ed tam jenom a pouze n\u00e1\u0161 web. Ale ne ka\u017ed\u00e1 z takov\u00fdch alternativ m\u016f\u017ee \u010dlov\u011bku nab\u00eddnout to, co my.","url":"https:\/\/www.dempsey.cz","hasPart":[{"@type":"Article","@id":"https:\/\/www.dempsey.cz\/ze-strachu-je-vzdy-mnohem-vetsi-strach\/","headline":"Ze strachu je v\u017edy mnohem v\u011bt\u0161\u00ed strach","url":"https:\/\/www.dempsey.cz\/ze-strachu-je-vzdy-mnohem-vetsi-strach\/","datePublished":"2024-03-22","dateModified":"2024-03-22","mainEntityOfPage":"https:\/\/www.dempsey.cz\/ze-strachu-je-vzdy-mnohem-vetsi-strach\/","author":{"@type":"Person","@id":"https:\/\/www.dempsey.cz\/author\/#Person","name":"","url":"https:\/\/www.dempsey.cz\/author\/","identifier":1,"image":{"@type":"ImageObject","@id":"https:\/\/secure.gravatar.com\/avatar\/cc56039f878f8e8e6c7e1eb22b366a601f7187d0f8d182368eef8adef545f35b?s=96&d=mm&r=g","url":"https:\/\/secure.gravatar.com\/avatar\/cc56039f878f8e8e6c7e1eb22b366a601f7187d0f8d182368eef8adef545f35b?s=96&d=mm&r=g","height":96,"width":96}},"publisher":{"@type":"Organization","name":"dempsey.cz","logo":{"@type":"ImageObject","@id":"\/logo.png","url":"\/logo.png","width":600,"height":60}},"image":{"@type":"ImageObject","@id":"https:\/\/www.dempsey.cz\/wp-content\/uploads\/istockphoto-1309562024-612x612_10_10_1.jpg","url":"https:\/\/www.dempsey.cz\/wp-content\/uploads\/istockphoto-1309562024-612x612_10_10_1.jpg","height":0,"width":0},"wordCount":558,"keywords":null},{"@type":"Article","@id":"https:\/\/www.dempsey.cz\/novi-susedia\/","headline":"Nov\u00ed susedia","url":"https:\/\/www.dempsey.cz\/novi-susedia\/","datePublished":"2024-01-28","dateModified":"2024-01-28","mainEntityOfPage":"https:\/\/www.dempsey.cz\/novi-susedia\/","author":{"@type":"Person","@id":"https:\/\/www.dempsey.cz\/author\/#Person","name":"","url":"https:\/\/www.dempsey.cz\/author\/","identifier":1,"image":{"@type":"ImageObject","@id":"https:\/\/secure.gravatar.com\/avatar\/cc56039f878f8e8e6c7e1eb22b366a601f7187d0f8d182368eef8adef545f35b?s=96&d=mm&r=g","url":"https:\/\/secure.gravatar.com\/avatar\/cc56039f878f8e8e6c7e1eb22b366a601f7187d0f8d182368eef8adef545f35b?s=96&d=mm&r=g","height":96,"width":96}},"publisher":{"@type":"Organization","name":"dempsey.cz","logo":{"@type":"ImageObject","@id":"\/logo.png","url":"\/logo.png","width":600,"height":60}},"image":null,"wordCount":270,"keywords":null},{"@type":"Article","@id":"https:\/\/www.dempsey.cz\/chybi-vam-sesity\/","headline":"Chyb\u00ed v\u00e1m se\u0161ity","url":"https:\/\/www.dempsey.cz\/chybi-vam-sesity\/","datePublished":"2023-12-21","dateModified":"2023-12-21","mainEntityOfPage":"https:\/\/www.dempsey.cz\/chybi-vam-sesity\/","author":{"@type":"Person","@id":"https:\/\/www.dempsey.cz\/author\/#Person","name":"","url":"https:\/\/www.dempsey.cz\/author\/","identifier":1,"image":{"@type":"ImageObject","@id":"https:\/\/secure.gravatar.com\/avatar\/cc56039f878f8e8e6c7e1eb22b366a601f7187d0f8d182368eef8adef545f35b?s=96&d=mm&r=g","url":"https:\/\/secure.gravatar.com\/avatar\/cc56039f878f8e8e6c7e1eb22b366a601f7187d0f8d182368eef8adef545f35b?s=96&d=mm&r=g","height":96,"width":96}},"publisher":{"@type":"Organization","name":"dempsey.cz","logo":{"@type":"ImageObject","@id":"\/logo.png","url":"\/logo.png","width":600,"height":60}},"image":null,"wordCount":281,"keywords":null},{"@type":"Article","@id":"https:\/\/www.dempsey.cz\/prestehujte-se-v-kvetnu\/","headline":"P\u0159est\u011bhujte se v kv\u011btnu","url":"https:\/\/www.dempsey.cz\/prestehujte-se-v-kvetnu\/","datePublished":"2023-12-15","dateModified":"2023-12-15","mainEntityOfPage":"https:\/\/www.dempsey.cz\/prestehujte-se-v-kvetnu\/","author":{"@type":"Person","@id":"https:\/\/www.dempsey.cz\/author\/#Person","name":"","url":"https:\/\/www.dempsey.cz\/author\/","identifier":1,"image":{"@type":"ImageObject","@id":"https:\/\/secure.gravatar.com\/avatar\/cc56039f878f8e8e6c7e1eb22b366a601f7187d0f8d182368eef8adef545f35b?s=96&d=mm&r=g","url":"https:\/\/secure.gravatar.com\/avatar\/cc56039f878f8e8e6c7e1eb22b366a601f7187d0f8d182368eef8adef545f35b?s=96&d=mm&r=g","height":96,"width":96}},"publisher":{"@type":"Organization","name":"dempsey.cz","logo":{"@type":"ImageObject","@id":"\/logo.png","url":"\/logo.png","width":600,"height":60}},"image":{"@type":"ImageObject","@id":"https:\/\/www.dempsey.cz\/wp-content\/uploads\/da-guojing-6888603_640_4.jpg","url":"https:\/\/www.dempsey.cz\/wp-content\/uploads\/da-guojing-6888603_640_4.jpg","height":0,"width":0},"wordCount":558,"keywords":null},{"@type":"Article","@id":"https:\/\/www.dempsey.cz\/o-zasuvkach-je-nekdy-lepsi-se-poradit\/","headline":"O z\u00e1suvk\u00e1ch je n\u011bkdy lep\u0161\u00ed se poradit","url":"https:\/\/www.dempsey.cz\/o-zasuvkach-je-nekdy-lepsi-se-poradit\/","datePublished":"2023-11-19","dateModified":"2023-11-19","mainEntityOfPage":"https:\/\/www.dempsey.cz\/o-zasuvkach-je-nekdy-lepsi-se-poradit\/","author":{"@type":"Person","@id":"https:\/\/www.dempsey.cz\/author\/#Person","name":"","url":"https:\/\/www.dempsey.cz\/author\/","identifier":1,"image":{"@type":"ImageObject","@id":"https:\/\/secure.gravatar.com\/avatar\/cc56039f878f8e8e6c7e1eb22b366a601f7187d0f8d182368eef8adef545f35b?s=96&d=mm&r=g","url":"https:\/\/secure.gravatar.com\/avatar\/cc56039f878f8e8e6c7e1eb22b366a601f7187d0f8d182368eef8adef545f35b?s=96&d=mm&r=g","height":96,"width":96}},"publisher":{"@type":"Organization","name":"dempsey.cz","logo":{"@type":"ImageObject","@id":"\/logo.png","url":"\/logo.png","width":600,"height":60}},"image":{"@type":"ImageObject","@id":"https:\/\/www.dempsey.cz\/wp-content\/uploads\/electrician-1080554_1280_3.jpg","url":"https:\/\/www.dempsey.cz\/wp-content\/uploads\/electrician-1080554_1280_3.jpg","height":0,"width":0},"wordCount":602,"keywords":null},{"@type":"Article","@id":"https:\/\/www.dempsey.cz\/i-na-silnou-menstruaci-existuji-menstruacni-kalhotky\/","headline":"I na silnou menstruaci existuj\u00ed menstrua\u010dn\u00ed kalhotky","url":"https:\/\/www.dempsey.cz\/i-na-silnou-menstruaci-existuji-menstruacni-kalhotky\/","datePublished":"2023-11-19","dateModified":"2023-11-19","mainEntityOfPage":"https:\/\/www.dempsey.cz\/i-na-silnou-menstruaci-existuji-menstruacni-kalhotky\/","author":{"@type":"Person","@id":"https:\/\/www.dempsey.cz\/author\/#Person","name":"","url":"https:\/\/www.dempsey.cz\/author\/","identifier":1,"image":{"@type":"ImageObject","@id":"https:\/\/secure.gravatar.com\/avatar\/cc56039f878f8e8e6c7e1eb22b366a601f7187d0f8d182368eef8adef545f35b?s=96&d=mm&r=g","url":"https:\/\/secure.gravatar.com\/avatar\/cc56039f878f8e8e6c7e1eb22b366a601f7187d0f8d182368eef8adef545f35b?s=96&d=mm&r=g","height":96,"width":96}},"publisher":{"@type":"Organization","name":"dempsey.cz","logo":{"@type":"ImageObject","@id":"\/logo.png","url":"\/logo.png","width":600,"height":60}},"image":{"@type":"ImageObject","@id":"https:\/\/www.dempsey.cz\/wp-content\/uploads\/body-3630110_1280.jpg","url":"https:\/\/www.dempsey.cz\/wp-content\/uploads\/body-3630110_1280.jpg","height":0,"width":0},"wordCount":553,"keywords":null},{"@type":"Article","@id":"https:\/\/www.dempsey.cz\/v-jakem-pripade-muze-byt-servis-to-nejlepsi-reseni-pro-vas-mobil\/","headline":"V jak\u00e9m p\u0159\u00edpad\u011b m\u016f\u017ee b\u00fdt servis to nejlep\u0161\u00ed \u0159e\u0161en\u00ed pro v\u00e1\u0161 mobil?","url":"https:\/\/www.dempsey.cz\/v-jakem-pripade-muze-byt-servis-to-nejlepsi-reseni-pro-vas-mobil\/","datePublished":"2023-11-16","dateModified":"2023-11-16","mainEntityOfPage":"https:\/\/www.dempsey.cz\/v-jakem-pripade-muze-byt-servis-to-nejlepsi-reseni-pro-vas-mobil\/","author":{"@type":"Person","@id":"https:\/\/www.dempsey.cz\/author\/#Person","name":"","url":"https:\/\/www.dempsey.cz\/author\/","identifier":1,"image":{"@type":"ImageObject","@id":"https:\/\/secure.gravatar.com\/avatar\/cc56039f878f8e8e6c7e1eb22b366a601f7187d0f8d182368eef8adef545f35b?s=96&d=mm&r=g","url":"https:\/\/secure.gravatar.com\/avatar\/cc56039f878f8e8e6c7e1eb22b366a601f7187d0f8d182368eef8adef545f35b?s=96&d=mm&r=g","height":96,"width":96}},"publisher":{"@type":"Organization","name":"dempsey.cz","logo":{"@type":"ImageObject","@id":"\/logo.png","url":"\/logo.png","width":600,"height":60}},"image":{"@type":"ImageObject","@id":"https:\/\/www.dempsey.cz\/wp-content\/uploads\/donations-keeps-me-going-4742194_1280_1DI8es.jpg","url":"https:\/\/www.dempsey.cz\/wp-content\/uploads\/donations-keeps-me-going-4742194_1280_1DI8es.jpg","height":0,"width":0},"wordCount":639,"keywords":null},{"@type":"Article","@id":"https:\/\/www.dempsey.cz\/pro-deti-jen-to-nejlepsi-obleceni\/","headline":"Pro d\u011bti jen to nejlep\u0161\u00ed oble\u010den\u00ed","url":"https:\/\/www.dempsey.cz\/pro-deti-jen-to-nejlepsi-obleceni\/","datePublished":"2023-11-13","dateModified":"2023-11-13","mainEntityOfPage":"https:\/\/www.dempsey.cz\/pro-deti-jen-to-nejlepsi-obleceni\/","author":{"@type":"Person","@id":"https:\/\/www.dempsey.cz\/author\/#Person","name":"","url":"https:\/\/www.dempsey.cz\/author\/","identifier":1,"image":{"@type":"ImageObject","@id":"https:\/\/secure.gravatar.com\/avatar\/cc56039f878f8e8e6c7e1eb22b366a601f7187d0f8d182368eef8adef545f35b?s=96&d=mm&r=g","url":"https:\/\/secure.gravatar.com\/avatar\/cc56039f878f8e8e6c7e1eb22b366a601f7187d0f8d182368eef8adef545f35b?s=96&d=mm&r=g","height":96,"width":96}},"publisher":{"@type":"Organization","name":"dempsey.cz","logo":{"@type":"ImageObject","@id":"\/logo.png","url":"\/logo.png","width":600,"height":60}},"image":null,"wordCount":280,"keywords":null},{"@type":"Article","@id":"https:\/\/www.dempsey.cz\/poridte-si-vypinace-znacky-schneider-za-bajecne-ceny\/","headline":"Po\u0159i\u010fte si vyp\u00edna\u010de zna\u010dky Schneider za b\u00e1je\u010dn\u00e9 ceny","url":"https:\/\/www.dempsey.cz\/poridte-si-vypinace-znacky-schneider-za-bajecne-ceny\/","datePublished":"2023-10-04","dateModified":"2023-10-04","mainEntityOfPage":"https:\/\/www.dempsey.cz\/poridte-si-vypinace-znacky-schneider-za-bajecne-ceny\/","author":{"@type":"Person","@id":"https:\/\/www.dempsey.cz\/author\/#Person","name":"","url":"https:\/\/www.dempsey.cz\/author\/","identifier":1,"image":{"@type":"ImageObject","@id":"https:\/\/secure.gravatar.com\/avatar\/cc56039f878f8e8e6c7e1eb22b366a601f7187d0f8d182368eef8adef545f35b?s=96&d=mm&r=g","url":"https:\/\/secure.gravatar.com\/avatar\/cc56039f878f8e8e6c7e1eb22b366a601f7187d0f8d182368eef8adef545f35b?s=96&d=mm&r=g","height":96,"width":96}},"publisher":{"@type":"Organization","name":"dempsey.cz","logo":{"@type":"ImageObject","@id":"\/logo.png","url":"\/logo.png","width":600,"height":60}},"image":null,"wordCount":262,"keywords":null},{"@type":"Article","@id":"https:\/\/www.dempsey.cz\/stylove-zarizeni-vaseho-interieru\/","headline":"Stylov\u00e9 za\u0159\u00edzen\u00ed Va\u0161eho interi\u00e9ru","url":"https:\/\/www.dempsey.cz\/stylove-zarizeni-vaseho-interieru\/","datePublished":"2023-08-29","dateModified":"2023-08-29","mainEntityOfPage":"https:\/\/www.dempsey.cz\/stylove-zarizeni-vaseho-interieru\/","author":{"@type":"Person","@id":"https:\/\/www.dempsey.cz\/author\/#Person","name":"","url":"https:\/\/www.dempsey.cz\/author\/","identifier":1,"image":{"@type":"ImageObject","@id":"https:\/\/secure.gravatar.com\/avatar\/cc56039f878f8e8e6c7e1eb22b366a601f7187d0f8d182368eef8adef545f35b?s=96&d=mm&r=g","url":"https:\/\/secure.gravatar.com\/avatar\/cc56039f878f8e8e6c7e1eb22b366a601f7187d0f8d182368eef8adef545f35b?s=96&d=mm&r=g","height":96,"width":96}},"publisher":{"@type":"Organization","name":"dempsey.cz","logo":{"@type":"ImageObject","@id":"\/logo.png","url":"\/logo.png","width":600,"height":60}},"image":null,"wordCount":292,"keywords":null}]},{"@context":"https:\/\/schema.org","@type":"WebSite","@id":"https:\/\/www.dempsey.cz\/#website","name":"Dempsey","url":"https:\/\/www.dempsey.cz","potentialAction":{"@type":"SearchAction","target":"https:\/\/www.dempsey.cz\/?s={search_term_string}","query-input":"required name=search_term_string"}}]