[{"@context":"https:\/\/schema.org\/","@type":"Article","@id":"https:\/\/www.dempsey.cz\/ktere-mikado-bude-sluset-i-vam\/#Article","mainEntityOfPage":"https:\/\/www.dempsey.cz\/ktere-mikado-bude-sluset-i-vam\/","headline":"Kter\u00e9 mik\u00e1do bude slu\u0161et i V\u00e1m?","name":"Kter\u00e9 mik\u00e1do bude slu\u0161et i V\u00e1m?","description":"Kr\u00e1tk\u00e9 mik\u00e1do BOB pro odv\u00e1\u017en\u00e9 \u017eeny Pokud tou\u017e\u00edte po radik\u00e1ln\u00ed zm\u011bn\u011b a p\u0159\u00edroda V\u00e1m nad\u011blila sp\u00ed\u0161e hust\u0161\u00ed vlasy, vyzkou\u0161ejte kr\u00e1tk\u00e9 mik\u00e1do neboli BOB. Tento \u00fa\u010des je zn\u00e1m\u00fd u\u017e po stalet\u00ed a nos\u00ed se ve v\u0161ech mo\u017en\u00fdch variant\u00e1ch \u2013 zast\u0159i\u017een\u00e9 vlasy t\u011bsn\u011b pod u\u0161i, do podkovy nebo asymetricky st\u0159i\u017een\u00e9. Sta\u010d\u00ed se poradit se svou kade\u0159nic\u00ed jak\u00fd typ mik\u00e1da by byl pro <a class=\"read-more\" href=\"https:\/\/www.dempsey.cz\/ktere-mikado-bude-sluset-i-vam\/\">Read More<\/a>","datePublished":"2018-09-10","dateModified":"2018-09-10","author":{"@type":"Person","@id":"https:\/\/www.dempsey.cz\/author\/#Person","name":"","url":"https:\/\/www.dempsey.cz\/author\/","identifier":1,"image":{"@type":"ImageObject","@id":"https:\/\/secure.gravatar.com\/avatar\/cc56039f878f8e8e6c7e1eb22b366a601f7187d0f8d182368eef8adef545f35b?s=96&d=mm&r=g","url":"https:\/\/secure.gravatar.com\/avatar\/cc56039f878f8e8e6c7e1eb22b366a601f7187d0f8d182368eef8adef545f35b?s=96&d=mm&r=g","height":96,"width":96}},"publisher":{"@type":"Organization","name":"dempsey.cz","logo":{"@type":"ImageObject","@id":"\/logo.png","url":"\/logo.png","width":600,"height":60}},"image":{"@type":"ImageObject","@id":"https:\/\/www.dempsey.cz\/wp-content\/uploads\/img_a329345_w2425_t1541837789.jpg","url":"https:\/\/www.dempsey.cz\/wp-content\/uploads\/img_a329345_w2425_t1541837789.jpg","height":0,"width":0},"url":"https:\/\/www.dempsey.cz\/ktere-mikado-bude-sluset-i-vam\/","about":["Zdrav\u00ed"],"wordCount":486,"articleBody":"Kr\u00e1tk\u00e9 mik\u00e1do BOB pro odv\u00e1\u017en\u00e9 \u017eenyPokud tou\u017e\u00edte po radik\u00e1ln\u00ed zm\u011bn\u011b a p\u0159\u00edroda V\u00e1m nad\u011blila sp\u00ed\u0161e hust\u0161\u00ed vlasy, vyzkou\u0161ejte kr\u00e1tk\u00e9 mik\u00e1do neboli BOB. Tento \u00fa\u010des je zn\u00e1m\u00fd u\u017e po stalet\u00ed a nos\u00ed se ve v\u0161ech mo\u017en\u00fdch variant\u00e1ch \u2013 zast\u0159i\u017een\u00e9 vlasy t\u011bsn\u011b pod u\u0161i, do podkovy nebo asymetricky st\u0159i\u017een\u00e9. Sta\u010d\u00ed se poradit se svou kade\u0159nic\u00ed jak\u00fd typ mik\u00e1da by byl pro V\u00e1s nejvhodn\u011bj\u0161\u00ed. Absolutn\u00edm trendem je nyn\u00ed zvln\u011bn\u00e9 mik\u00e1do, kter\u00e9 dod\u00e1 Va\u0161im vlas\u016fm na objemu a p\u016fsob\u00ed velmi rebelsky. Sta\u010d\u00ed si pomoci kulmou a lakem na vlasy a cel\u00fd den budete nad\u0161en\u00e1 ze sv\u00e9ho odleh\u010den\u00e9ho \u00fa\u010desu.Dlouh\u00e9 mik\u00e1do LOB slu\u0161\u00ed ka\u017ed\u00e9 \u017een\u011bVelmi popul\u00e1rn\u00ed \u00fa\u010des dne\u0161n\u00ed doby je tzv. LOB, co\u017e je vlastn\u011b dlouh\u00e1 verze mik\u00e1da, kdy vlasy mohou \u0161ahat a\u017e na ramena. Vlasy jsou v\u011bt\u0161inou zast\u0159i\u017een\u00e9 do jedn\u00e9 d\u00e9lky nebo jsou v\u00a0zadn\u00ed \u010d\u00e1sti m\u00edrn\u011b vyst\u0159\u00edhan\u00e9. Pokud pot\u0159ebuj\u00ed Va\u0161e vlasy zm\u011bnu, ale boj\u00edte se experimentovat, zkuste pr\u00e1v\u011b dlouh\u00e9 mik\u00e1do. Velkou v\u00fdhodou je, \u017ee se nemus\u00edte lou\u010dit s\u00a0drdolem ani s\u00a0cul\u00edkem, kter\u00fd hrav\u011b z\u00a0lobu vytvo\u0159\u00edte. Tento \u00fa\u010des je vhodn\u00fd i pro majitelky \u0159id\u0161\u00edch vlas\u016f, kter\u00e9 pot\u0159ebuj\u00ed dostat do vlas\u016f trochu objemu. Toho doc\u00edl\u00ed Va\u0161e kade\u0159nice spr\u00e1vn\u00fdm sest\u0159\u00edh\u00e1n\u00edm. Pokud V\u00e1m kade\u0159nice ost\u0159\u00edh\u00e1 LOB a zvol\u00ed barvu, kter\u00e1 \u00fa\u010desu dod\u00e1 to prav\u00e9, budete hv\u011bzda v\u0161ech zimn\u00edch ve\u010d\u00edrk\u016f.S\u00a0ofinou nebo bez?Mo\u017en\u00e1 si l\u00e1mete hlavu, jestli zvolit mik\u00e1do sp\u00ed\u0161e s\u00a0ofinou nebo bez. S\u00a0touto volbou by V\u00e1m m\u011bl rovn\u011b\u017e poradit kade\u0159n\u00edk, ale v\u011bt\u0161ina \u017een\u00e1m slu\u0161\u00ed nejv\u00edce patka nebo prost\u0159\u00edhan\u00e1 ofina. Pokud m\u00e1te ov\u00e1lnou tv\u00e1\u0159, m\u016f\u017eete si dovolit i hust\u0161\u00ed kr\u00e1tkou ofinu. Jestli\u017ee jste v\u0161ak majitelkou \u0159\u00eddk\u00fdch vlas\u016f bez objemu, dejte pozor. Ofina na V\u00e1s dok\u00e1\u017ee tento nedostatek pr\u00e1sknout hned p\u0159i prvn\u00edm pohledu. Tak\u00e9 pokud m\u00e1te od p\u0159\u00edrody vlnit\u00e9 vlasy, hodn\u011b volbu ofiny zva\u017ete \u2013 p\u0159ece jenom \u00fadr\u017eba m\u016f\u017ee b\u00fdt dost slo\u017eit\u00e1.Mik\u00e1do do podkovy je praktick\u00e9Velmi slu\u0161iv\u00e9 je tak\u00e9 mik\u00e1do sest\u0159\u00edhan\u00e9 do m\u00edrn\u00e9 podkovy, kter\u00e9 si m\u016f\u017eete nechat vytvo\u0159it jak na BOBU, tak na LOBU. Velmi elegantn\u011b p\u016fsob\u00ed p\u0159edev\u0161\u00edm v\u00a0del\u0161\u00ed variant\u011b, kdy p\u0159edn\u00ed vlasy kolem obli\u010deje \u0161ahaj\u00ed a\u017e na ramena, zat\u00edmco na krku se vlasy postupn\u011b zkracuj\u00ed. Tento \u00fa\u010des je ide\u00e1ln\u00ed i pro jemn\u00e9 vlasy a pokud je st\u0159ih precizn\u00ed, vydr\u017e\u00ed V\u00e1m i n\u011bkolik t\u00fddn\u016f.                                                                                                                                                                                                                                                                                                                                                                                        3.9\/5 - (7 votes)        "},{"@context":"https:\/\/schema.org\/","@type":"BreadcrumbList","itemListElement":[{"@type":"ListItem","position":1,"name":"Kter\u00e9 mik\u00e1do bude slu\u0161et i V\u00e1m?","item":"https:\/\/www.dempsey.cz\/ktere-mikado-bude-sluset-i-vam\/#breadcrumbitem"}]}]