[{"@context":"https:\/\/schema.org\/","@type":"Article","@id":"https:\/\/www.dempsey.cz\/idealni-darek-nejen-pro-zapomnetlivce\/#Article","mainEntityOfPage":"https:\/\/www.dempsey.cz\/idealni-darek-nejen-pro-zapomnetlivce\/","headline":"Ide\u00e1ln\u00ed d\u00e1rek nejen pro zapomn\u011btlivce","name":"Ide\u00e1ln\u00ed d\u00e1rek nejen pro zapomn\u011btlivce","description":"M\u00e1te hlavu jako p\u00e1trac\u00ed bal\u00f3n z t\u011bch v\u0161ech d\u016fle\u017eit\u00fdch a neodkladn\u00fdch sch\u016fzek, akc\u00ed va\u0161ich nebo va\u0161ich d\u011bt\u00ed, d\u016fle\u017eit\u00fdch povinnost\u00ed a dal\u0161\u00edch d\u016fle\u017eit\u00fdch povinnost\u00ed, kter\u00e9 u\u017e se spojily v dlouh\u00fd seznam? Pro\u010d nosit tento seznam sch\u016fzek jen v hlav\u011b a riskovat tak, \u017ee v\u00e1m n\u011bjak\u00e1 d\u016fle\u017eit\u00e1 sch\u016fzka vypadne z hlavy a vy na ni nep\u0159ijdete? Nen\u00ed nad to si v\u0161echno d\u016fle\u017eit\u00e9 <a class=\"read-more\" href=\"https:\/\/www.dempsey.cz\/idealni-darek-nejen-pro-zapomnetlivce\/\">Read More<\/a>","datePublished":"2018-03-31","dateModified":"2018-03-31","author":{"@type":"Person","@id":"https:\/\/www.dempsey.cz\/author\/#Person","name":"","url":"https:\/\/www.dempsey.cz\/author\/","identifier":1,"image":{"@type":"ImageObject","@id":"https:\/\/secure.gravatar.com\/avatar\/cc56039f878f8e8e6c7e1eb22b366a601f7187d0f8d182368eef8adef545f35b?s=96&d=mm&r=g","url":"https:\/\/secure.gravatar.com\/avatar\/cc56039f878f8e8e6c7e1eb22b366a601f7187d0f8d182368eef8adef545f35b?s=96&d=mm&r=g","height":96,"width":96}},"publisher":{"@type":"Organization","name":"dempsey.cz","logo":{"@type":"ImageObject","@id":"\/logo.png","url":"\/logo.png","width":600,"height":60}},"image":{"@type":"ImageObject","@id":"https:\/\/www.dempsey.cz\/wp-content\/uploads\/img_a317021_w2425_t1527768908.jpg","url":"https:\/\/www.dempsey.cz\/wp-content\/uploads\/img_a317021_w2425_t1527768908.jpg","height":0,"width":0},"url":"https:\/\/www.dempsey.cz\/idealni-darek-nejen-pro-zapomnetlivce\/","about":["\u017divotn\u00ed styl"],"wordCount":445,"articleBody":" M\u00e1te hlavu jako p\u00e1trac\u00ed bal\u00f3n z t\u011bch v\u0161ech d\u016fle\u017eit\u00fdch a neodkladn\u00fdch sch\u016fzek, akc\u00ed va\u0161ich nebo va\u0161ich d\u011bt\u00ed, d\u016fle\u017eit\u00fdch povinnost\u00ed a dal\u0161\u00edch d\u016fle\u017eit\u00fdch povinnost\u00ed, kter\u00e9 u\u017e se spojily v dlouh\u00fd seznam? Pro\u010d nosit tento seznam sch\u016fzek jen v hlav\u011b a riskovat tak, \u017ee v\u00e1m n\u011bjak\u00e1 d\u016fle\u017eit\u00e1 sch\u016fzka vypadne z hlavy a vy na ni nep\u0159ijdete? Nen\u00ed nad to si v\u0161echno d\u016fle\u017eit\u00e9 zapsat a m\u00edt tak p\u0159ehled o v\u0161em, co v\u00e1s v nadch\u00e1zej\u00edc\u00edch dnech \u010dek\u00e1. Nem\u016f\u017ee se v\u00e1m pak st\u00e1t t\u0159eba to, \u017ee se v\u00e1m bude p\u0159ekr\u00fdvat v\u00edc sch\u016fzek nebo \u017ee n\u011bjakou vypust\u00edte.M\u011bjte p\u0159ehled o v\u0161ech va\u0161ich d\u016fle\u017eit\u00fdch sch\u016fzk\u00e1ch a akc\u00edch a m\u011bjte je v\u0161echny zapsan\u00e9 na jednom m\u00edst\u011b. Nespol\u00e9hejte na elektroniku a po\u0159i\u010fte si pap\u00edrovou verzi di\u00e1\u0159e, kter\u00fd v\u00e1s nezrad\u00ed a kter\u00fd se neomrz\u00ed a hlavn\u011b se vejde do ka\u017ed\u00e9 kabelky a ta\u0161ky. Ud\u011blejte si radost a po\u0159i\u010fte si designov\u00fd luxusn\u00ed di\u00e1\u0159, kter\u00fd nejen, \u017ee dob\u0159e vypad\u00e1, ale z\u00e1rove\u0148 se tak\u00e9 stane p\u0159ehledn\u00fdm m\u00edstem pro zaznamen\u00e1v\u00e1n\u00ed v\u0161ech va\u0161ich d\u016fle\u017eit\u00fdch sch\u016fzek a akc\u00ed, kter\u00e9 nechcete pro\u0161vihnout.R\u016fzn\u00e9 velikosti a proveden\u00ed di\u00e1\u0159\u016f Vyberte si z r\u016fzn\u00fdch proveden\u00ed di\u00e1\u0159\u016f. Nechyb\u00ed r\u016fzn\u00e9 velikosti a tak\u00e9 r\u016fzn\u00e9 designy. Vyb\u00edrat tak m\u016f\u017eete z r\u016fzn\u00fdch typ\u016f form\u00e1t\u016f, z nich\u017e ty nejmen\u0161\u00ed se v\u00e1m vejdou naprosto v\u0161ude. Pro ty, co maj\u00ed hromady povinnost\u00ed a sch\u016fzek jsou zase jako d\u011blan\u00e9 v\u011bt\u0161\u00ed form\u00e1ty, kde nechyb\u00ed ani m\u00edsto na dal\u0161\u00ed pozn\u00e1mky.ORIGIN\u00c1LN\u00cd D\u00c1REK NEJEN PRO ZAPOMN\u011aTLIVCE M\u00e1te ve va\u0161em okol\u00ed n\u011bkoho, kdo neust\u00e1le chod\u00ed pozd\u011b nebo zapom\u00edn\u00e1 na d\u016fle\u017eit\u00e9 sch\u016fzky a u\u017e v\u00e1s to za\u010d\u00edn\u00e1 vyt\u00e1\u010det? Pak mu po\u0159i\u010fte n\u011bkter\u00fd z kr\u00e1sn\u00fdch luxusn\u00edch di\u00e1\u0159\u016f t\u0159eba jako d\u00e1rek k narozenin\u00e1m a pomozte mu tak uspo\u0159\u00e1dat si sv\u00e9 sch\u016fzky a nezapom\u00ednat na n\u011b. Tento kr\u00e1sn\u00fd praktick\u00fd d\u00e1rek ocen\u00ed nejen zapomn\u011btlivci a opozdilci.S kr\u00e1sn\u00fdm nov\u00fdm di\u00e1\u0159em u\u017e v\u00e1m \u017e\u00e1dn\u00e1 d\u016fle\u017eit\u00e1 sch\u016fzka z hlavy nevypadne a vy budete klidn\u011bj\u0161\u00ed, \u017ee jste na nic nezapomn\u011bli.                                                                                                                                                                                                                                                                                                                                                                                        4.4\/5 - (11 votes)        "},{"@context":"https:\/\/schema.org\/","@type":"BreadcrumbList","itemListElement":[{"@type":"ListItem","position":1,"name":"Ide\u00e1ln\u00ed d\u00e1rek nejen pro zapomn\u011btlivce","item":"https:\/\/www.dempsey.cz\/idealni-darek-nejen-pro-zapomnetlivce\/#breadcrumbitem"}]}]