[{"@context":"https:\/\/schema.org\/","@type":"Article","@id":"https:\/\/www.dempsey.cz\/co-delat-ve-vidni-bez-toho-aniz-byste-utratili-jedine-euro\/#Article","mainEntityOfPage":"https:\/\/www.dempsey.cz\/co-delat-ve-vidni-bez-toho-aniz-byste-utratili-jedine-euro\/","headline":"Co d\u011blat ve V\u00eddni, bez toho ani\u017e byste utratili jedin\u00e9 Euro","name":"Co d\u011blat ve V\u00eddni, bez toho ani\u017e byste utratili jedin\u00e9 Euro","description":"1.\u00a0\u00a0\u00a0\u00a0\u00a0\u00a0 Projd\u011bte se po Ringstrasse Tato ulice V\u00e1s provede kolem nejv\u00fdznamn\u011bj\u0161\u00edch pam\u00e1tek a budov. Za\u010dn\u011bte v\u00a0m\u00edstech, kde se z\u00a0Dunaje st\u00e1v\u00e1 Wienflussem a klidn\u00fdm m\u011bstsk\u00fdm parkem projd\u011bte p\u0159\u00edmo na Ringstrasse. 2.\u00a0\u00a0\u00a0\u00a0\u00a0\u00a0 P\u0159ivo\u0148te k\u00a0r\u016f\u017e\u00edm Hlavn\u00ed m\u011bsto Rakouska m\u00e1 n\u011bkolik kr\u00e1sn\u00fdch park\u016f. Sm\u011brem k\u00a0Hofburgu je to Volksgarten. Tento men\u0161\u00ed kousek zelen\u011b je klidn\u00fd r\u00e1j v\u00a0jedn\u00e9 z\u00a0nejru\u0161n\u011bj\u0161\u00edch m\u011bstsk\u00fdch \u010dtvrt\u00ed. M\u016f\u017eete zde odpo\u010d\u00edvat a kochat <a class=\"read-more\" href=\"https:\/\/www.dempsey.cz\/co-delat-ve-vidni-bez-toho-aniz-byste-utratili-jedine-euro\/\">Read More<\/a>","datePublished":"2018-12-19","dateModified":"2018-12-19","author":{"@type":"Person","@id":"https:\/\/www.dempsey.cz\/author\/#Person","name":"","url":"https:\/\/www.dempsey.cz\/author\/","identifier":1,"image":{"@type":"ImageObject","@id":"https:\/\/secure.gravatar.com\/avatar\/cc56039f878f8e8e6c7e1eb22b366a601f7187d0f8d182368eef8adef545f35b?s=96&d=mm&r=g","url":"https:\/\/secure.gravatar.com\/avatar\/cc56039f878f8e8e6c7e1eb22b366a601f7187d0f8d182368eef8adef545f35b?s=96&d=mm&r=g","height":96,"width":96}},"publisher":{"@type":"Organization","name":"dempsey.cz","logo":{"@type":"ImageObject","@id":"\/logo.png","url":"\/logo.png","width":600,"height":60}},"image":{"@type":"ImageObject","@id":"https:\/\/www.dempsey.cz\/wp-content\/uploads\/img_a337385_w2425_t1550571177.jpg","url":"https:\/\/www.dempsey.cz\/wp-content\/uploads\/img_a337385_w2425_t1550571177.jpg","height":0,"width":0},"url":"https:\/\/www.dempsey.cz\/co-delat-ve-vidni-bez-toho-aniz-byste-utratili-jedine-euro\/","wordCount":614,"articleBody":"\t1.\u00a0\u00a0\u00a0\u00a0\u00a0\u00a0 Projd\u011bte se po Ringstrasse\tTato ulice V\u00e1s provede kolem nejv\u00fdznamn\u011bj\u0161\u00edch pam\u00e1tek a budov. Za\u010dn\u011bte v\u00a0m\u00edstech, kde se z\u00a0Dunaje st\u00e1v\u00e1 Wienflussem a klidn\u00fdm m\u011bstsk\u00fdm parkem projd\u011bte p\u0159\u00edmo na Ringstrasse.\t\t2.\u00a0\u00a0\u00a0\u00a0\u00a0\u00a0 P\u0159ivo\u0148te k\u00a0r\u016f\u017e\u00edm\tHlavn\u00ed m\u011bsto Rakouska m\u00e1 n\u011bkolik kr\u00e1sn\u00fdch park\u016f. Sm\u011brem k\u00a0Hofburgu je to Volksgarten. Tento men\u0161\u00ed kousek zelen\u011b je klidn\u00fd r\u00e1j v\u00a0jedn\u00e9 z\u00a0nejru\u0161n\u011bj\u0161\u00edch m\u011bstsk\u00fdch \u010dtvrt\u00ed. M\u016f\u017eete zde odpo\u010d\u00edvat a kochat se pohledem na n\u00e1dhern\u00e9 kv\u011btiny, font\u00e1nky a sochy. Burggarten je jeden z\u00a0v\u011bt\u0161\u00edch park\u016f, kter\u00fd je ide\u00e1ln\u00ed pro relaxaci na slunci s\u00a0piknikem. D\u00e1le na v\u00fdchod se pak nach\u00e1z\u00ed Stadtpark, kter\u00fd vede po obou stran\u00e1ch \u0159eky Wienfluss. V\u00a0parku jsou rozpt\u00fdleny sochy slavn\u00fdch v\u00edde\u0148sk\u00fdch um\u011blc\u016f, spisovatel\u016f a skladatel\u016f.\t\u00a0\t3.\u00a0\u00a0\u00a0\u00a0\u00a0\u00a0 Hofburg\tFantasticky zachoval\u00e1 c\u00edsa\u0159sk\u00e1 rezidence slavn\u00e1 pro ubytov\u00e1n\u00ed habsbursk\u00e9 dynastie. L\u00e9ta slou\u017eila tak\u00e9 jako h\u0159i\u0161t\u011b pro kr\u00e1lovskou rodinu. Mnoh\u00e9 z\u00a0budov \u00fa\u010dtuj\u00ed vstupn\u00e9, ale n\u011bkter\u00e9 \u010d\u00e1sti rezidence m\u016f\u017eete nav\u0161t\u00edvit zdarma.\u00a0 Je to nap\u0159\u00edklad i vstup do kostela St Michael\u00b4s a do Augustini\u00e1nsk\u00e9ho kostela.\t\u00a0\t4.\u00a0\u00a0\u00a0\u00a0\u00a0\u00a0 Prohl\u00eddka politick\u00e9 historie m\u011bsta\tRadnice provozuje prohl\u00eddky m\u00edstnost\u00ed ka\u017ed\u00e9 pond\u011bl\u00ed, st\u0159edu a p\u00e1tek v 13.00. Prohl\u00eddky jsou v\u00a0n\u011bm\u010din\u011b, ale jsou doprov\u00e1zeny anglick\u00fdmi zvukov\u00fdmi pr\u016fvodci a uk\u00e1\u017eou V\u00e1m politickou historii m\u011bsta.\t\t5.\u00a0\u00a0\u00a0\u00a0\u00a0\u00a0 Trh\tZn\u00e1m\u00fd trh Naschmarkt m\u00e1 sv\u00e9 za\u010d\u00e1tky ji\u017e v\u00a016. st., kdy se zde prod\u00e1valo ml\u00e9ko. Dnes m\u00e1 p\u0159ibli\u017en\u011b 120 st\u00e1nk\u016f s\u00a0\u010derstv\u00fdm ovocem, zeleninou, obl\u00edben\u00fdmi v\u00edde\u0148sk\u00fdmi j\u00eddly a j\u00eddly s\u00a0cel\u00e9ho sv\u011bta.\t\u00a0\t6.\u00a0\u00a0\u00a0\u00a0\u00a0\u00a0 M\u011bjte se kr\u00e1lovsky\tOba nejzn\u00e1m\u011bj\u0161\u00ed v\u00edde\u0148sk\u00e9 pal\u00e1ce \u00fa\u010dtuj\u00ed vstupn\u00e9, ale p\u0159ilehl\u00e9 zahrady jsou pro ve\u0159ejnost zdarma. Zahrady pal\u00e1ce Sch\u00f6nbrunn by m\u011bly b\u00fdt samoz\u0159ejmost\u00ed p\u0159i Va\u0161\u00ed n\u00e1v\u0161t\u011bv\u011b V\u00eddn\u011b.\tPro sv\u00e9 kr\u00e1sn\u00e9 zahrady byste nem\u011bli opomenout tak\u00e9 pal\u00e1c Belvedere.\t\u00a0\t7.\u00a0\u00a0\u00a0\u00a0\u00a0\u00a0 Rozmanit\u00e9 kostely\tSedm z\u00a0v\u00edde\u0148sk\u00fdch kostel\u016f m\u016f\u017eete nav\u0161t\u00edvit zdarma a \u017e\u00e1dn\u00fd z\u00a0nich si nen\u00ed podobn\u00fd. V\u00a0Hofburgu se nach\u00e1z\u00ed kr\u00e1sn\u00fd augustini\u00e1nsk\u00fd kostel s\u00a0vy\u0159ez\u00e1van\u00fdm hrobem Marie Christine, jedn\u00e9 z\u00a0dcer Marie Terezie.\u00a0 V\u00a0kostele sv. Michaela m\u016f\u017eete obdivovat \u00fachvatn\u00fd olt\u00e1\u0159. Mezi dal\u0161\u00ed kostely, kter\u00e9 byste nem\u011bli opomenout, pat\u0159\u00ed Schottenkirche, Maria am Gestade, Kirche am Hof, kostel svat\u00e9ho Petra a Stephansdom.\t\u00a0\t8.\u00a0\u00a0\u00a0\u00a0\u00a0\u00a0 U\u017eijte si vstup zdarma\tMnoho v\u00edde\u0148sk\u00fdch muze\u00ed m\u00e1 voln\u00fd vstup dne 26. \u0159\u00edjna. Nemus\u00edte se ov\u0161em spol\u00e9hat pouze na tento jedin\u00fd den. Sv\u00e9 dve\u0159e zdarma muzea otev\u0159ou tak\u00e9 prvn\u00ed ned\u011bli ka\u017ed\u00e9ho m\u011bs\u00edce. V\u00edde\u0148sk\u00e1 m\u011bstsk\u00e1 muzea zahrnuj\u00ed V\u00edde\u0148sk\u00e9 muzeum na Karlsplatz, Muzeum hodin, rezidence zn\u00e1m\u00fdch hudebn\u00edk\u016f jako Mozart, Beethoven a Strauss a n\u011bkolik m\u011bstsk\u00fdch archeologick\u00fdch vykop\u00e1vek. M\u011bstsk\u00e9 muzeum se v\u011bnuje historii V\u00eddn\u011b od po\u010d\u00e1te\u010dn\u00edho os\u00eddlen\u00ed a\u017e po v\u00edde\u0148skou m\u00f3du a um\u011bn\u00ed.\t\u00a0\t\u00a0\t9.\u00a0\u00a0\u00a0\u00a0\u00a0\u00a0 ZentralfriedhofCentr\u00e1ln\u00ed h\u0159bitov m\u011bsta je jedn\u00edm z\u00a0nejv\u011bt\u0161\u00edch a nejv\u00edce dekorovan\u00fdch na sv\u011bt\u011b. Zde m\u016f\u017eete obdivovat ohromuj\u00edc\u00ed stavby a pam\u00e1tn\u00edky. Zde m\u016f\u017eete naj\u00edt prostor pro Va\u0161e rozj\u00edm\u00e1n\u00ed a uct\u011bn\u00ed pam\u00e1tky k\u00a0Brahmsovi, Schubertovi, Beethovenovi a Straussovi.                                                                                                                                                                                                                                                                                                                                                                                        4\/5 - (6 votes)        "},{"@context":"https:\/\/schema.org\/","@type":"BreadcrumbList","itemListElement":[{"@type":"ListItem","position":1,"name":"Co d\u011blat ve V\u00eddni, bez toho ani\u017e byste utratili jedin\u00e9 Euro","item":"https:\/\/www.dempsey.cz\/co-delat-ve-vidni-bez-toho-aniz-byste-utratili-jedine-euro\/#breadcrumbitem"}]}]